{"id":1139,"date":"2023-05-25T21:47:03","date_gmt":"2023-05-25T21:47:03","guid":{"rendered":"https:\/\/associazioneivanbonfanti.org\/?p=1139"},"modified":"2023-11-28T20:34:44","modified_gmt":"2023-11-28T20:34:44","slug":"i-vincitori-del-premio-giornalistico-ivan-bonfanti-2023","status":"publish","type":"post","link":"https:\/\/associazioneivanbonfanti.org\/index.php\/2023\/05\/25\/i-vincitori-del-premio-giornalistico-ivan-bonfanti-2023\/","title":{"rendered":"I vincitori del premio giornalistico Ivan Bonfanti 2023"},"content":{"rendered":"\n<p class=\"has-black-color has-text-color\">Sono\u00a0<strong><a href=\"https:\/\/www.danielasala.com\/\" target=\"_blank\" rel=\"noreferrer noopener nofollow\">Daniela Sala<\/a><\/strong>, <strong><a href=\"https:\/\/www.linkedin.com\/in\/ankita-anand-528a456b\/?originalSubdomain=in\" target=\"_blank\" rel=\"noreferrer noopener nofollow\">Ankita Anand<\/a><\/strong> e <strong><a href=\"https:\/\/unito.academia.edu\/MarcoValle\" target=\"_blank\" rel=\"noreferrer noopener nofollow\">Marco Valle<\/a><\/strong>\u00a0i vincitori della XIV edizione del premio giornalistico \u201cIvan Bonfanti\u201d con un lungo reportage sugli indiani del Punjab a Latina, pubblicato Irpimedia, che racconta lo sfruttamento dei lavoratori di uno dei distretti ortofrutticoli pi\u00f9 grandi d\u2019Europa, tenuti sotto ricatto, attraverso l\u2019indebitamento, dalla rete criminale di intermediari che gestisce la migrazione dall\u2019India all\u2019Italia.<\/p>\n\n\n\n<p class=\"has-black-color has-text-color\"><strong>Il lavoro premiat<\/strong>o <a href=\"https:\/\/stamparomana.voxmail.it\/nl\/pv8i9n\/qesisr\/xgn27db\/uf\/1\/aHR0cHM6Ly9zdGFtcGFyb21hbmEudm94bWFpbC5pdC9yc3AvcHY4aTluL2NvbnRlbnQvYXJ0aWNvbG9fc2FsYV8tX2FuYW5kXy1fdmFsbGUucGRmP19kPTg0TCZfYz1kNTQ4YjkzZA?_d=84L&amp;_c=b995cb61\">qui<\/a>&#8212;&gt; <strong><a href=\"https:\/\/stamparomana.voxmail.it\/nl\/pv8i9n\/qesisr\/xgn27db\/uf\/1\/aHR0cHM6Ly9zdGFtcGFyb21hbmEudm94bWFpbC5pdC9yc3AvcHY4aTluL2NvbnRlbnQvYXJ0aWNvbG9fc2FsYV8tX2FuYW5kXy1fdmFsbGUucGRmP19kPTg0TCZfYz1kNTQ4YjkzZA?_d=84L&amp;_c=b995cb61\">https:\/\/stamparomana.voxmail.it\/nl\/pv8i9n\/qesisr\/xgn27db\/uf\/1\/aHR0cHM6Ly9zdGFtcGFyb21hbmEudm94bWFpbC5pdC9yc3AvcHY4aTluL2NvbnRlbnQvYXJ0aWNvbG9fc2FsYV8tX2FuYW5kXy1fdmFsbGUucGRmP19kPTg0TCZfYz1kNTQ4YjkzZA?_d=84L&amp;_c=b995cb61<\/a><\/strong><\/p>\n\n\n\n<p class=\"has-black-color has-text-color\">Per la categoria Enpa, Ente nazionale protezione animali, il vincitore \u00e8&nbsp;<strong>Andrea Turco<\/strong>, con la storia della morte dell\u2019orso Juan Carrito del Parco Nazionale d\u2019Abruzzo pubblicata su Valigia Blu.<\/p>\n\n\n\n<p class=\"has-black-color has-text-color\"> Il pezzo di Andrea lo trovate <a href=\"https:\/\/stamparomana.voxmail.it\/nl\/pv8i9n\/qesisr\/xgn27db\/uf\/2\/aHR0cHM6Ly9zdGFtcGFyb21hbmEudm94bWFpbC5pdC9yc3AvcHY4aTluL2NvbnRlbnQvYXJ0aWNvbG9fYW5kcmVhX3R1cmNvLnBkZj9fZD04NEwmX2M9NGY0MzdmZjA?_d=84L&amp;_c=0de46c71\">qui<\/a> &#8211;&gt; <a href=\"https:\/\/stamparomana.voxmail.it\/rsp\/pv8i9n\/content\/articolo_sala_-_anand_-_valle.pdf?_d=84L&amp;_c=d548b93d\">https:\/\/stamparomana.voxmail.it\/nl\/pv8i9n\/qesisr\/xgn27db\/uf\/2\/aHR0cHM6Ly9zdGFtcGFyb21hbmEudm94bWFpbC5pdC9yc3AvcHY4aTluL2NvbnRlbnQvYXJ0aWNvbG9fYW5kcmVhX3R1cmNvLnBkZj9fZD04NEwmX2M9NGY0MzdmZjA?_d=84L&amp;_c=0de46c71<\/a><\/p>\n\n\n\n<div class=\"wp-block-media-text alignwide is-stacked-on-mobile\" style=\"grid-template-columns:15% auto\"><figure class=\"wp-block-media-text__media\"><img decoding=\"async\" width=\"150\" height=\"150\" src=\"https:\/\/associazioneivanbonfanti.org\/wp-content\/uploads\/2023\/02\/logo_ivan_p-150x150.jpg\" alt=\"\" class=\"wp-image-1099 size-thumbnail\" srcset=\"https:\/\/associazioneivanbonfanti.org\/wp-content\/uploads\/2023\/02\/logo_ivan_p-150x150.jpg 150w, https:\/\/associazioneivanbonfanti.org\/wp-content\/uploads\/2023\/02\/logo_ivan_p-300x300.jpg 300w, https:\/\/associazioneivanbonfanti.org\/wp-content\/uploads\/2023\/02\/logo_ivan_p-100x100.jpg 100w\" sizes=\"(max-width: 150px) 100vw, 150px\" \/><\/figure><div class=\"wp-block-media-text__content\">\n<p class=\"has-black-color has-text-color\"><strong>Il concorso giornalistico, dedicato al reporter del quotidiano Liberazione scomparso improvvisamente nel 2008 all\u2019et\u00e0 di 37 anni, \u00e8 promosso da Stampa Romana e dall\u2019Associazione Ivan Bonfanti.<\/strong><\/p>\n<\/div><\/div>\n\n\n\n<p class=\"has-black-color has-text-color has-medium-font-size\">Nella giuria:&nbsp;<\/p>\n\n\n\n<ul class=\"has-black-color has-text-color has-medium-font-size wp-block-list\">\n<li><em><em>Loredana Colace<\/em>&nbsp;e&nbsp;<em>Stefano Ferrante<\/em>&nbsp;(Associazione Stampa Romana)<\/em><\/li>\n\n\n\n<li><em>Ugo Tramballi<\/em>&nbsp;(inviato de Il Sole 24ore)<\/li>\n\n\n\n<li>&nbsp;<em>Antonio Talia<\/em>&nbsp;(Radio24)<\/li>\n\n\n\n<li><em>Alessandro Mantovani<\/em>&nbsp;(Il Fatto quotidiano)<\/li>\n\n\n\n<li><em>Andrea Fabozzi<\/em>&nbsp;(il Manifesto)<\/li>\n\n\n\n<li><em>Giulia Belardelli<\/em>(Huffington Post)<\/li>\n\n\n\n<li><em>Asher Salah<\/em> (docente all\u2019Universit\u00e0 Bezalel e alla Hebrew University di Gerusalemme)<\/li>\n\n\n\n<li><em>Andrea Milluzzi<\/em>&nbsp;(La7)<\/li>\n\n\n\n<li><em>Luigi Sandri<\/em>&nbsp;(ex direttore Confronti)<\/li>\n\n\n\n<li><em>&nbsp;Stefano Bocconetti<\/em>&nbsp;(giornalista)<\/li>\n\n\n\n<li><em>Martino Mazzonis<\/em>&nbsp;(giornalista)<\/li>\n\n\n\n<li>&nbsp;<em>Michele Gualano<\/em>&nbsp;(Enpa)<\/li>\n<\/ul>\n\n\n\n<blockquote class=\"wp-block-quote has-black-color has-text-color is-layout-flow wp-block-quote-is-layout-flow\">\n<p class=\"has-black-color has-white-background-color has-text-color has-background\">LA PREMIAZIONE avr\u00e0 luogo sabato 17 giugno alle ore 11:00 <a href=\"https:\/\/libreriaeli.it\/contatti\/\" target=\"_blank\" rel=\"noreferrer noopener\">presso la libreria ELI di viale Somalia, a Roma.<\/a><\/p>\n<\/blockquote>\n\n\n\n<p class=\"has-black-color has-text-color\">Poich\u00e9 i posti sono limitati e poich\u00e9 l&#8217;Associazione Ivan Bonfanti come ogni anno offrir\u00e0 un piccolo buffet al termine della cerimonia,&nbsp;abbiamo bisogno di sapere quante persone saranno presenti alla libreria.                     <\/p>\n\n\n\n<p class=\"has-black-color has-text-color\">      <\/p>\n\n\n\n<blockquote class=\"wp-block-quote has-black-color has-text-color is-layout-flow wp-block-quote-is-layout-flow\">\n<p>Per prenotazioni mandare un email con il nominativo o il numero delle persone che pensate vi accompagneranno alla seguente email : <strong><em>associazioneivanbonfanti@gmail.com<\/em><\/strong><\/p>\n<\/blockquote>\n\n\n\n<p class=\"has-black-color has-text-color\">Ad ogni modo, se siete lontani o se non riuscite a partecipare,&nbsp;la premiazione sar\u00e0 visibile online sulla pagina Facebook della libreria. Non occorrer\u00e0 fare nulla, soltanto andare nella pagina Fb della libreria.<\/p>\n\n\n\n<p class=\"has-black-color has-text-color\">Questa &#8212;-&gt; &nbsp;&nbsp;<a href=\"https:\/\/www.facebook.com\/libreriaeliroma\" target=\"_blank\" rel=\"noreferrer noopener\">https:\/\/www.facebook.com\/libreriaeliroma<\/a><\/p>\n","protected":false},"excerpt":{"rendered":"<p>Sono\u00a0Daniela Sala, Ankita Anand e Marco Valle\u00a0i vincitori della XIV edizione del premio giornalistico \u201cIvan Bonfanti\u201d con un lungo reportage sugli indiani del Punjab a Latina, pubblicato Irpimedia, che racconta lo sfruttamento dei lavoratori di uno dei distretti ortofrutticoli pi\u00f9 grandi d\u2019Europa, tenuti sotto&#8230;<\/p>\n","protected":false},"author":6,"featured_media":1508,"comment_status":"open","ping_status":"open","sticky":true,"template":"","format":"standard","meta":{"_mi_skip_tracking":false,"footnotes":""},"categories":[10],"tags":[],"class_list":["post-1139","post","type-post","status-publish","format-standard","has-post-thumbnail","hentry","category-premio-giornalistico"],"_links":{"self":[{"href":"https:\/\/associazioneivanbonfanti.org\/index.php\/wp-json\/wp\/v2\/posts\/1139","targetHints":{"allow":["GET"]}}],"collection":[{"href":"https:\/\/associazioneivanbonfanti.org\/index.php\/wp-json\/wp\/v2\/posts"}],"about":[{"href":"https:\/\/associazioneivanbonfanti.org\/index.php\/wp-json\/wp\/v2\/types\/post"}],"author":[{"embeddable":true,"href":"https:\/\/associazioneivanbonfanti.org\/index.php\/wp-json\/wp\/v2\/users\/6"}],"replies":[{"embeddable":true,"href":"https:\/\/associazioneivanbonfanti.org\/index.php\/wp-json\/wp\/v2\/comments?post=1139"}],"version-history":[{"count":19,"href":"https:\/\/associazioneivanbonfanti.org\/index.php\/wp-json\/wp\/v2\/posts\/1139\/revisions"}],"predecessor-version":[{"id":1511,"href":"https:\/\/associazioneivanbonfanti.org\/index.php\/wp-json\/wp\/v2\/posts\/1139\/revisions\/1511"}],"wp:featuredmedia":[{"embeddable":true,"href":"https:\/\/associazioneivanbonfanti.org\/index.php\/wp-json\/wp\/v2\/media\/1508"}],"wp:attachment":[{"href":"https:\/\/associazioneivanbonfanti.org\/index.php\/wp-json\/wp\/v2\/media?parent=1139"}],"wp:term":[{"taxonomy":"category","embeddable":true,"href":"https:\/\/associazioneivanbonfanti.org\/index.php\/wp-json\/wp\/v2\/categories?post=1139"},{"taxonomy":"post_tag","embeddable":true,"href":"https:\/\/associazioneivanbonfanti.org\/index.php\/wp-json\/wp\/v2\/tags?post=1139"}],"curies":[{"name":"wp","href":"https:\/\/api.w.org\/{rel}","templated":true}]}}