{"id":1262,"date":"2009-04-02T22:16:47","date_gmt":"2009-04-02T22:16:47","guid":{"rendered":"https:\/\/associazioneivanbonfanti.org\/?p=1262"},"modified":"2023-06-16T22:17:23","modified_gmt":"2023-06-16T22:17:23","slug":"ivan-articoli-dal-mondo","status":"publish","type":"post","link":"https:\/\/associazioneivanbonfanti.org\/index.php\/2009\/04\/02\/ivan-articoli-dal-mondo\/","title":{"rendered":"Ivan, articoli dal mondo"},"content":{"rendered":"\n<p>Per mesi sono rimasta incerta se pubblicare gli articoli di Ivan. Ricordo che una sera mi chiam\u00f2 dalla Romania, dopo un lungo viaggio in autobus da Roma con i rumeni che scappavano dalla caccia allo zingaro, per leggermi con titubanza il pezzo appena scritto. <\/p>\n\n\n\n<p>Era bellissimo. Era bellissimo perch\u00e9 Ivan sapeva tradurre in parole gli sguardi, le persone, la vita. Eppure non era soddisfatto, raramente lo era. Inquieto, cercava di perfezionarsi sempre. Tutti voi che lo conoscete &#8211; parlo al presenteperch\u00e9 Ivan lo conoscete anche adesso &#8211; sapete quanto amasse fare la valigia, prendere un aereo e tuffarsi nella realt\u00e0 delle cose con una umanit\u00e0 preziosa. Nel nostro viaggio a Gerusalemme abbiamo incontrato Ugo Tramballi, bravissimo giornalista del Sole 24ore e amico di Ivan. Ha detto: &lt;Ivan non aveva la spocchia e il cinismo naturale in molti inviati in zone di conflitto>. Non rimaneva in albergo a inventare strade e pallottole mai viste. Sono rimasta incerta per lungo tempo perch\u00e9 Ivan pubblicava ma non vantava nulla, mai. Tuttavia penso, pensiamo, che leggere i suoi pezzi ci aiuta a sentirlo vicino e ci aiuta, anche, a trovare il filo della storia presente raccontata attraverso i suoi occhi, la sua tastiera. Oltre ai reportage, ho voluto includere anche i pezzi scritti da Roma.Per settimane l&#8217;intera redazione ha sfogliato l&#8217;immenso archivio (10 anni di quotidiano, oltre tremila numeri e inserti e approfondimenti) per scovare e fotocopiare i suoi pezzi. Ringrazio tutti i miei colleghi e specialmente Laura, Betta e Tiziana per aver catalogato tutto con la consueta precisione.\u00a0<br>Vi abbraccio con affetto,<br>Laura<\/p>\n\n\n\n<p><a href=\"https:\/\/associazioneivanbonfanti.org\/index.php\/category\/gli-articoli-di-ivan\/\">https:\/\/associazioneivanbonfanti.org\/index.php\/category\/gli-articoli-di-ivan\/<\/a><\/p>\n","protected":false},"excerpt":{"rendered":"<p>Per mesi sono rimasta incerta se pubblicare gli articoli di Ivan. Ricordo che una sera mi chiam\u00f2 dalla Romania, dopo un lungo viaggio in autobus da Roma con i rumeni che scappavano dalla caccia allo zingaro, per leggermi con titubanza il pezzo appena scritto&#8230;.<\/p>\n","protected":false},"author":1,"featured_media":0,"comment_status":"open","ping_status":"open","sticky":false,"template":"","format":"standard","meta":{"_mi_skip_tracking":false,"footnotes":""},"categories":[2],"tags":[],"class_list":["post-1262","post","type-post","status-publish","format-standard","hentry","category-gli-articoli-di-ivan"],"_links":{"self":[{"href":"https:\/\/associazioneivanbonfanti.org\/index.php\/wp-json\/wp\/v2\/posts\/1262","targetHints":{"allow":["GET"]}}],"collection":[{"href":"https:\/\/associazioneivanbonfanti.org\/index.php\/wp-json\/wp\/v2\/posts"}],"about":[{"href":"https:\/\/associazioneivanbonfanti.org\/index.php\/wp-json\/wp\/v2\/types\/post"}],"author":[{"embeddable":true,"href":"https:\/\/associazioneivanbonfanti.org\/index.php\/wp-json\/wp\/v2\/users\/1"}],"replies":[{"embeddable":true,"href":"https:\/\/associazioneivanbonfanti.org\/index.php\/wp-json\/wp\/v2\/comments?post=1262"}],"version-history":[{"count":2,"href":"https:\/\/associazioneivanbonfanti.org\/index.php\/wp-json\/wp\/v2\/posts\/1262\/revisions"}],"predecessor-version":[{"id":1264,"href":"https:\/\/associazioneivanbonfanti.org\/index.php\/wp-json\/wp\/v2\/posts\/1262\/revisions\/1264"}],"wp:attachment":[{"href":"https:\/\/associazioneivanbonfanti.org\/index.php\/wp-json\/wp\/v2\/media?parent=1262"}],"wp:term":[{"taxonomy":"category","embeddable":true,"href":"https:\/\/associazioneivanbonfanti.org\/index.php\/wp-json\/wp\/v2\/categories?post=1262"},{"taxonomy":"post_tag","embeddable":true,"href":"https:\/\/associazioneivanbonfanti.org\/index.php\/wp-json\/wp\/v2\/tags?post=1262"}],"curies":[{"name":"wp","href":"https:\/\/api.w.org\/{rel}","templated":true}]}}