{"id":154,"date":"2013-01-21T13:28:47","date_gmt":"2013-01-21T12:28:47","guid":{"rendered":"http:\/\/www.associazioneivanbonfanti.org\/?p=154"},"modified":"2013-01-21T13:28:47","modified_gmt":"2013-01-21T12:28:47","slug":"bando-di-concorso-del-premio-giornalistico-ivan-bonfanti-2013","status":"publish","type":"post","link":"https:\/\/associazioneivanbonfanti.org\/index.php\/2013\/01\/21\/bando-di-concorso-del-premio-giornalistico-ivan-bonfanti-2013\/","title":{"rendered":"BANDO DI CONCORSO DEL PREMIO GIORNALISTICO \u201cIvan Bonfanti\u201d 2013"},"content":{"rendered":"<p style=\"text-align: justify;\">L\u2019associazione \u201cIvan Bonfanti\u201d e l\u2019Associazione Stampa Romana promuovono la quarta edizione del premio giornalistico in memoria di Ivan Bonfanti, giornalista e inviato di guerra scomparso nel luglio 2008 a soli 37 anni.<\/p>\n<p style=\"text-align: justify;\">Bonfanti amava il giornalismo sul campo. Lontano dalla scrivania e dalle comodit\u00e0 dell&#8217;ufficio, ha scritto intensi reportage da Gerusalemme, Gaza, Ramallah, Kabul, Romania, Macedonia, Egitto. Coltivava la passione per il Medio Oriente, l&#8217;ambientalismo, gli animali. Sognava un giornalismo libero dalla faziosit\u00e0 e dalla ideologia. Ha promosso la prima rubrica interamente animalista mai apparsa su un quotidiano nazionale, Liberazione animale. Per chi volesse conoscerlo meglio, consultare il sito www.associazioneivanbonfanti.org<\/p>\n<p style=\"text-align: justify;\">Il premio ha periodicit\u00e0 annuale. La giuria incaricata di valutare i materiali sar\u00e0 composta da <strong>Paolo Butturini<\/strong> (segretario di Stampa Romana), <strong>Angela Azzaro<\/strong> (vicedirettora del settimanale Gli Altri), <strong>Ugo<\/strong> <strong>Tramballi<\/strong> (inviato de Il Sole 24ore), <strong>Franco Battistini <\/strong>(inviato de Il Corriere della Sera), <strong>Asher Salah<\/strong> (docente di Estetica all\u2019Universit\u00e0 Jezebel di Gerusalemme), <strong>Daniele Zaccaria<\/strong> (caposervizio esteri di Liberazione), <strong>Martino Mazzonis<\/strong> (corrispondente de l&#8217;Unit\u00e0 dagli Stati Uniti)<\/p>\n<p style=\"text-align: justify;\">I vincitori saranno premiati a Roma. La data verr\u00e0 comunicata alla chiusura del bando.<\/p>\n<p style=\"text-align: justify;\">MODALITA&#8217; DI PARTECIPAZIONE AL PREMIO GIORNALISTICO<\/p>\n<p style=\"text-align: justify;\">Art. 1\u00a0 Il premio giornalistico \u201cIvan Bonfanti\u201d nasce per valorizzare giovani giornalisti professionisti, pubblicisti ed emergenti. Il concorso vuole premiare servizi giornalistici che abbiano raccontato (attraverso quotidiani, periodici, testate giornalistiche on-line) conflitti internazionali, processi di pace, sviluppo sostenibile, incontro tra i popoli, ambientalismo e la convivenza tra esseri umani e animali.<\/p>\n<p style=\"text-align: justify;\">Art. 2 Il concorso prevede due premi: il primo (3000 euro) da assegnare a giornalisti professionisti e pubblicisti che stiano lavorando o collaborando presso una testata.<\/p>\n<p style=\"text-align: justify;\">Il secondo (2000 euro) dedicato esclusivamente agli allievi delle scuole e dei master in giornalismo.<\/p>\n<p style=\"text-align: justify;\">Art. 3\u00a0 La segreteria del premio \u00e8 costituita presso l&#8217;Associazione Stampa Romana, piazza della Torretta 36, 00136 Roma<\/p>\n<p style=\"text-align: justify;\">Art.\u00a0 4\u00a0 La partecipazione \u00e8 riservata a giornalisti professionisti, pubblicisti, free lance, praticanti e allievi delle scuole di giornalismo riconosciute dall\u2019Ordine, che <strong>non abbiamo ancora compiuto 40 anni<\/strong> alla data di pubblicazione del bando.<\/p>\n<p style=\"text-align: justify;\">Art. 5\u00a0 Possono essere presentati reportage pubblicati non prima di 12 mesi dalla data di scadenza del bando. Ogni partecipante pu\u00f2 presentare un massimo di tre opere. Per gli allievi delle scuole di giornalismo sar\u00e0 possibile presentare degli inediti.<\/p>\n<p style=\"text-align: justify;\">Art.6\u00a0 La domanda di partecipazione deve pervenire entro e non oltre il 30 aprile 2013 presso la segreteria dell&#8217;associazione Stampa romana, via della Torretta, con la seguente dicitura: \u201cPremio giornalistico Ivan Bonfanti\u201d, allegando una copia\u00a0 cartacea del materiale. Una copia telematica del materiale, unita alla domanda di partecipazione, deve pervenire entro lo stesso giorno all&#8217;indirizzo <span style=\"text-decoration: underline;\"><a href=\"mailto:associazioneivanbonfanti@gmail.com\">associazioneivanbonfanti@gmail.co<\/a><\/span><span style=\"text-decoration: underline;\">m<\/span><span style=\"text-decoration: underline;\">\u00a0\u00a0<\/span><\/p>\n<p style=\"text-align: justify;\">Non saranno ammesse le domande pervenute oltre il termine sopra indicato, anche se spedite<\/p>\n<p style=\"text-align: justify;\">antecedentemente e, pertanto, qualora il candidato si avvalga della spedizione postale, non<\/p>\n<p style=\"text-align: justify;\">far\u00e0 fede il timbro a data dell\u2019ufficio postale accettante, ma la data di arrivo presso la segreteria.<\/p>\n<p style=\"text-align: justify;\">Per la validit\u00e0 del premio, devono pervenire entrambe le copie\u00a0 &#8211; cartacea e telematica. Nel caso in cui il reportage sia realizzato da pi\u00f9 persone, la domanda di partecipazione dovr\u00e0 recare le generalit\u00e0 ed essere sottoscritta da tutti gli autori.<\/p>\n<p style=\"text-align: justify;\">Art. 7 Nella domanda di partecipazione, l&#8217;autore\/autrice dovr\u00e0 allegare:<\/p>\n<ol>\n<li>generalit\u00e0 (nome, cognome, data di nascita, luogo di residenza, recapiti telefonici, email, codice fiscale)<\/li>\n<li>curriculum vitae<\/li>\n<li>fotocopia di un documento valido (carta di identit\u00e0, passaporto, patente di guida).<\/li>\n<li>nome della testata, indirizzo e numero telefonico di questa, data di pubblicazione dell\u2019articolo presentato<\/li>\n<li>autorizzazione al trattamento dei dati personali ai sensi del D.L. 196\/2003 per gli adempimenti connessi al premio<\/li>\n<\/ol>\n<p style=\"text-align: justify;\">Art. 8 E\u2019 inteso che il concorrente con la sua partecipazione autorizza l\u2019organizzazione del premio a riprodurre e diffondere su qualunque supporto testo e immagini dell\u2019articolo candidato, nelle pubblicazioni, nel materiale informativo e sul sito internet del premio stesso, salva ovviamente la citazione degli autori degli articoli utilizzati.<\/p>\n<p style=\"text-align: justify;\">Art. 9 Ogni autore \u00e8 personalmente responsabile dei contenuti delle opere inviate. La partecipazione al premio implica la completa accettazione di questo regolamento e il sollevamento dell\u2019organizzazione da qualsiasi responsabilit\u00e0.<\/p>\n<p style=\"text-align: justify;\">Art. 10 \u00a0Le decisioni della giuria saranno motivate e insindacabili presso qualsiasi organo pubblico o privato.<\/p>\n<p style=\"text-align: justify;\">Art.11\u00a0 I materiali non saranno restituiti e resteranno depositati presso la segreteria di Stampa Romana.<\/p>\n<p style=\"text-align: justify;\">\n<p style=\"text-align: justify;\"><a href=\"https:\/\/happy-shockley.151-80-157-43.plesk.page\/wp-content\/uploads\/2013\/01\/Bando-Premio-Ivan2013.pdf\">Bando Premio Ivan2013<\/a>\u00a0(PDF)<\/p>\n","protected":false},"excerpt":{"rendered":"<p>L\u2019associazione \u201cIvan Bonfanti\u201d e l\u2019Associazione Stampa Romana promuovono la quarta edizione del premio giornalistico in memoria di Ivan Bonfanti, giornalista e inviato di guerra scomparso nel luglio 2008 a soli 37 anni. Bonfanti amava il giornalismo sul campo. Lontano dalla scrivania e dalle comodit\u00e0&#8230;<\/p>\n","protected":false},"author":2,"featured_media":0,"comment_status":"open","ping_status":"open","sticky":false,"template":"","format":"standard","meta":{"_mi_skip_tracking":false,"footnotes":""},"categories":[10],"tags":[],"class_list":["post-154","post","type-post","status-publish","format-standard","hentry","category-premio-giornalistico"],"_links":{"self":[{"href":"https:\/\/associazioneivanbonfanti.org\/index.php\/wp-json\/wp\/v2\/posts\/154","targetHints":{"allow":["GET"]}}],"collection":[{"href":"https:\/\/associazioneivanbonfanti.org\/index.php\/wp-json\/wp\/v2\/posts"}],"about":[{"href":"https:\/\/associazioneivanbonfanti.org\/index.php\/wp-json\/wp\/v2\/types\/post"}],"author":[{"embeddable":true,"href":"https:\/\/associazioneivanbonfanti.org\/index.php\/wp-json\/wp\/v2\/users\/2"}],"replies":[{"embeddable":true,"href":"https:\/\/associazioneivanbonfanti.org\/index.php\/wp-json\/wp\/v2\/comments?post=154"}],"version-history":[{"count":0,"href":"https:\/\/associazioneivanbonfanti.org\/index.php\/wp-json\/wp\/v2\/posts\/154\/revisions"}],"wp:attachment":[{"href":"https:\/\/associazioneivanbonfanti.org\/index.php\/wp-json\/wp\/v2\/media?parent=154"}],"wp:term":[{"taxonomy":"category","embeddable":true,"href":"https:\/\/associazioneivanbonfanti.org\/index.php\/wp-json\/wp\/v2\/categories?post=154"},{"taxonomy":"post_tag","embeddable":true,"href":"https:\/\/associazioneivanbonfanti.org\/index.php\/wp-json\/wp\/v2\/tags?post=154"}],"curies":[{"name":"wp","href":"https:\/\/api.w.org\/{rel}","templated":true}]}}