{"id":1614,"date":"2024-01-26T22:01:10","date_gmt":"2024-01-26T22:01:10","guid":{"rendered":"https:\/\/associazioneivanbonfanti.org\/?p=1614"},"modified":"2024-01-26T22:01:13","modified_gmt":"2024-01-26T22:01:13","slug":"bando-premio-ivan-bonfanti-2024","status":"publish","type":"post","link":"https:\/\/associazioneivanbonfanti.org\/index.php\/2024\/01\/26\/bando-premio-ivan-bonfanti-2024\/","title":{"rendered":"BANDO Premio Ivan Bonfanti 2024"},"content":{"rendered":"\n<p>A sedici anni dalla sua scomparsa, l\u2019associazione \u201cIvan Bonfanti\u201d e l\u2019Associazione Stampa Romana promuovono la XV edizione del premio giornalistico in memoria di Ivan Bonfanti, giornalista e inviato di guerra mancato nel luglio 2008 a soli 37 anni.<\/p>\n\n\n\n<p>Il bando include inoltre un premio patrocinato dall\u2019Enpa (Ente nazionale protezione animali), dedicato ai lavori giornalistici che abbiano come tematica il benessere e i diritti degli animali.<\/p>\n\n\n\n<p>Bonfanti amava il giornalismo sul campo. Lontano dalla scrivania e dalle comodit\u00e0 dell\u2019ufficio, ha scritto intensi reportage da Gerusalemme, Gaza, Ramallah, Kabul, Romania, Macedonia, Egitto. Coltivava la passione per il Medio Oriente, l\u2019ambientalismo, gli animali. Sognava un giornalismo libero dalla faziosit\u00e0 e dalla ideologia. Ha promosso la prima rubrica interamente animalista mai apparsa su un quotidiano nazionale, Liberazione animale. Per chi volesse conoscerlo meglio, consultare il nostro sito\u00a0<em><a href=\"https:\/\/stamparomana.voxmail.it\/nl\/pv8i9n\/jqslmj\/xgn27db\/uf\/1\/aHR0cHM6Ly9hc3NvY2lhemlvbmVpdmFuYm9uZmFudGkub3JnLw?_d=909&amp;_c=cd9425e0\" target=\"_blank\" rel=\"noreferrer noopener\">www.associazioneivanbonfanti.org.<\/a><\/em><\/p>\n\n\n\n<p>Il premio ha periodicit\u00e0 annuale. La giuria incaricata di valutare i materiali sar\u00e0 composta dal segretario in carica di Stampa Romana Stefano Ferrante, Ugo Tramballi (inviato de Il Sole 24ore), Antonio Talia (Radio24), Simonetta Cossu (giornalista), Alessandro Mantovani (Il Fatto quotidiano), Andrea Fabozzi (direttore de il manifesto), Giulia Belardelli (Huffington Post), Asher Salah (docente all\u2019Universit\u00e0 Bezalel e alla Hebrew University di Gerusalemme), Andrea Milluzzi (La7), Daniele Zaccaria (Il Dubbio), Luigi Sandri (ex direttore Confronti), Stefano Bocconetti (giornalista), Martino Mazzonis (giornalista), Michele Gualano (Enpa).<\/p>\n\n\n\n<p><em>I vincitori saranno premiati a Roma. La data verr\u00e0 comunicata alla chiusura del bando.<\/em><\/p>\n\n\n\n<h3 class=\"wp-block-heading\"><strong>MODALITA\u2019 DI PARTECIPAZIONE AL PREMIO GIORNALISTICO<\/strong><\/h3>\n\n\n\n<p><strong>Art. 1<\/strong>&nbsp;Il premio giornalistico \u201cIvan Bonfanti\u201d nasce per valorizzare giovani giornalisti professionisti, pubblicisti ed emergenti under 40. Il concorso vuole premiare servizi giornalistici che abbiano raccontato (attraverso quotidiani, periodici, testate giornalistiche on-line) conflitti internazionali, processi di pace, sviluppo sostenibile, incontro tra i popoli, ambientalismo e la convivenza tra esseri umani e animali. Gli articoli dovranno essere scritti ed eventualmente (ma non necessariamente) multimediali. Non verranno presi in considerazione servizi esclusivamente video, radiofonici o fotografici.<\/p>\n\n\n\n<p><strong>Art. 2<\/strong>&nbsp;Il concorso prevede due premi: il primo (4000 euro) da assegnare a giornalisti che stiano lavorando o collaborando presso una testata.<\/p>\n\n\n\n<p>Il secondo premio Enpa (1500 euro) ai servizi giornalistici dedicati a raccontare il benessere e i diritti degli animali in Italia e all\u2019estero.<\/p>\n\n\n\n<p>Uno stesso servizio giornalistico appartenente alla categoria dei giornalisti professionisti pu\u00f2, a giudizio della giuria, aggiudicarsi anche il premio Enpa e dunque ricevere due premi.<\/p>\n\n\n\n<p><strong>Art. 3<\/strong>&nbsp;La segreteria del premio \u00e8 costituita presso l\u2019Associazione Stampa Romana, piazza della Torretta 36, 00136 Roma.<\/p>\n\n\n\n<p><strong>Art. 4<\/strong>&nbsp;La partecipazione \u00e8 riservata a giornalisti professionisti, pubblicisti, free lance e praticanti, che non abbiano ancora compiuto 40 anni al 1 gennaio 2024.<\/p>\n\n\n\n<p><strong>Art. 5<\/strong>&nbsp;Possono essere presentati reportage e inchieste pubblicati non prima di 12 mesi dalla data di scadenza del bando (per questa edizione, dunque, non prima del 30 marzo 2023). Ogni partecipante pu\u00f2 presentare un solo lavoro.<\/p>\n\n\n\n<p><strong>Art. 6<\/strong>&nbsp;La domanda di partecipazione deve pervenire via mail entro e non oltre la mezzanotte del 30 marzo 2024 alla segreteria di Stampa Romana&nbsp;<em>(<a href=\"mailto:segreteria@stamparomana.it\">segreteria@stamparomana.it<\/a><\/em>) con la seguente dicitura: \u201cPremio giornalistico Ivan Bonfanti\u201d. Una copia telematica del materiale, unita alla domanda di partecipazione, deve pervenire OBBLIGATORIAMENTE entro lo stesso giorno e alla stessa ora all\u2019indirizzo&nbsp;<em><a href=\"mailto:associazioneivanbonfanti@gmail.com\">associazioneivanbonfanti@gmail.com<\/a><\/em><\/p>\n\n\n\n<p>Non saranno ammesse le domande pervenute oltre il termine sopra indicato.<\/p>\n\n\n\n<p>Nel caso in cui il reportage sia realizzato da pi\u00f9 persone (fotografi inclusi), la domanda di partecipazione dovr\u00e0 recare le generalit\u00e0 ed essere sottoscritta da tutti gli autori.<\/p>\n\n\n\n<p><strong>Art. 7<\/strong>&nbsp;Nella domanda di partecipazione, l\u2019autore\/autrice dovr\u00e0 allegare:<\/p>\n\n\n\n<p>generalit\u00e0 (nome, cognome, data di nascita, luogo di residenza, recapiti telefonici, e-mail, codice fiscale)<\/p>\n\n\n\n<p>curriculum vitae<\/p>\n\n\n\n<p>scansione\/foto di un documento valido (carta di identit\u00e0, passaporto, patente di guida)<\/p>\n\n\n\n<p>nome della testata, indirizzo e numero telefonico di questa, data di pubblicazione dell\u2019articolo presentato<\/p>\n\n\n\n<p>autorizzazione al trattamento dei dati personali ai sensi del D.L. 196\/2003 per gli adempimenti connessi al premio<\/p>\n\n\n\n<p>Non occorrer\u00e0 indicare per quale premio giornalistico il pezzo candidato concorre: automaticamente tutti concorrono anche per il premio Enpa, se l\u2019argomento rientra nella tematica della salvaguardia e della protezione degli animali.<\/p>\n\n\n\n<p><strong>Art. 8<\/strong>&nbsp;E\u2019 inteso che il concorrente con la sua partecipazione autorizza l\u2019organizzazione del premio a riprodurre e diffondere su qualunque supporto testo e immagini dell\u2019articolo candidato, nelle pubblicazioni, nel materiale informativo e sul sito internet del premio stesso, salva ovviamente la citazione degli autori degli articoli utilizzati.<\/p>\n\n\n\n<p><strong>Art. 9<\/strong>&nbsp;Ogni autore \u00e8 personalmente responsabile dei contenuti delle opere inviate. La partecipazione al premio implica la completa accettazione di questo regolamento e il sollevamento dell\u2019organizzazione da qualsiasi responsabilit\u00e0.<\/p>\n\n\n\n<p><strong>Art. 10<\/strong>\u00a0Le decisioni della giuria saranno motivate e insindacabili presso qualsiasi organo pubblico o privato.<\/p>\n\n\n\n<p><\/p>\n\n\n\n<figure class=\"wp-block-embed is-type-wp-embed is-provider-stampa-romana wp-block-embed-stampa-romana\"><div class=\"wp-block-embed__wrapper\">\nhttps:\/\/stamparomana.it\/2024\/01\/10\/premio-ivan-bonfanti-il-bando-2024\/\n<\/div><\/figure>\n","protected":false},"excerpt":{"rendered":"<p>A sedici anni dalla sua scomparsa, l\u2019associazione \u201cIvan Bonfanti\u201d e l\u2019Associazione Stampa Romana promuovono la XV edizione del premio giornalistico in memoria di Ivan Bonfanti, giornalista e inviato di guerra mancato nel luglio 2008 a soli 37 anni. Il bando include inoltre un premio&#8230;<\/p>\n","protected":false},"author":6,"featured_media":0,"comment_status":"open","ping_status":"open","sticky":true,"template":"","format":"standard","meta":{"_mi_skip_tracking":false,"footnotes":""},"categories":[10],"tags":[],"class_list":["post-1614","post","type-post","status-publish","format-standard","hentry","category-premio-giornalistico"],"_links":{"self":[{"href":"https:\/\/associazioneivanbonfanti.org\/index.php\/wp-json\/wp\/v2\/posts\/1614","targetHints":{"allow":["GET"]}}],"collection":[{"href":"https:\/\/associazioneivanbonfanti.org\/index.php\/wp-json\/wp\/v2\/posts"}],"about":[{"href":"https:\/\/associazioneivanbonfanti.org\/index.php\/wp-json\/wp\/v2\/types\/post"}],"author":[{"embeddable":true,"href":"https:\/\/associazioneivanbonfanti.org\/index.php\/wp-json\/wp\/v2\/users\/6"}],"replies":[{"embeddable":true,"href":"https:\/\/associazioneivanbonfanti.org\/index.php\/wp-json\/wp\/v2\/comments?post=1614"}],"version-history":[{"count":1,"href":"https:\/\/associazioneivanbonfanti.org\/index.php\/wp-json\/wp\/v2\/posts\/1614\/revisions"}],"predecessor-version":[{"id":1615,"href":"https:\/\/associazioneivanbonfanti.org\/index.php\/wp-json\/wp\/v2\/posts\/1614\/revisions\/1615"}],"wp:attachment":[{"href":"https:\/\/associazioneivanbonfanti.org\/index.php\/wp-json\/wp\/v2\/media?parent=1614"}],"wp:term":[{"taxonomy":"category","embeddable":true,"href":"https:\/\/associazioneivanbonfanti.org\/index.php\/wp-json\/wp\/v2\/categories?post=1614"},{"taxonomy":"post_tag","embeddable":true,"href":"https:\/\/associazioneivanbonfanti.org\/index.php\/wp-json\/wp\/v2\/tags?post=1614"}],"curies":[{"name":"wp","href":"https:\/\/api.w.org\/{rel}","templated":true}]}}