{"id":1687,"date":"2025-09-02T10:41:22","date_gmt":"2025-09-02T10:41:22","guid":{"rendered":"https:\/\/associazioneivanbonfanti.org\/?p=1687"},"modified":"2025-09-02T10:41:24","modified_gmt":"2025-09-02T10:41:24","slug":"premiazione-concorso-giornalistico-2025","status":"publish","type":"post","link":"https:\/\/associazioneivanbonfanti.org\/index.php\/2025\/09\/02\/premiazione-concorso-giornalistico-2025\/","title":{"rendered":"PREMIAZIONE CONCORSO GIORNALISTICO 2025"},"content":{"rendered":"\n<p>Carissimi amici e soci,<br>\ud835\uddf1\ud835\uddfc\ud835\uddfa\ud835\uddf2\ud835\uddfb\ud835\uddf6\ud835\uddf0\ud835\uddee \ud835\udff1 \ud835\uddfc\ud835\ude01\ud835\ude01\ud835\uddfc\ud835\uddef\ud835\uddff\ud835\uddf2 \ud835\uddee\ud835\uddf9\ud835\uddf9\ud835\uddf2 \ud835\uddfc\ud835\uddff\ud835\uddf2 \ud835\udfed\ud835\udfed.\ud835\udfec\ud835\udfec ci daremo appuntamento per la premiazione della vincitrice<br>del concorso giornalistico dedicato a Ivan.<\/p>\n\n\n\n<p>\ud835\udddc\ud835\uddf9 \ud835\uddf9\ud835\ude02\ud835\uddfc\ud835\uddf4\ud835\uddfc \u00e8 \ud835\uddf9\ud835\uddee \ud835\ude00\ud835\uddf2\ud835\uddf1\ud835\uddf2 \ud835\uddf1\ud835\uddf6 \ud835\udde6\ud835\ude01\ud835\uddee\ud835\uddfa\ud835\uddfd\ud835\uddee \ud835\udde5\ud835\uddfc\ud835\uddfa\ud835\uddee\ud835\uddfb\ud835\uddee \ud835\uddf1\ud835\uddf6 \ud835\ude03\ud835\uddf6\ud835\uddee \ud835\uddf1\ud835\uddf2\ud835\uddf9\ud835\uddf9\ud835\uddee \ud835\udde7\ud835\uddfc\ud835\uddff\ud835\uddff\ud835\uddf2\ud835\ude01\ud835\ude01\ud835\uddee (\ud835\uddf1\ud835\uddf6\ud835\uddf2\ud835\ude01\ud835\uddff\ud835\uddfc \ud835\udde0\ud835\uddfc\ud835\uddfb\ud835\ude01\ud835\uddf2\ud835\uddf0\ud835\uddf6\ud835\ude01\ud835\uddfc\ud835\uddff\ud835\uddf6\ud835\uddfc). La viuzza \u00e8 cos\u00ec piccola che non potete sbagliarvi.<\/p>\n\n\n\n<p>Poich\u00e9 la sede non \u00e8 enorme, vi preghiamo di mandarci una email a \ud835\uddee\ud835\ude00\ud835\ude00\ud835\uddfc\ud835\uddf0\ud835\uddf6\ud835\uddee\ud835\ude07\ud835\uddf6\ud835\uddfc\ud835\uddfb\ud835\uddf2\ud835\uddf6\ud835\ude03\ud835\uddee\ud835\uddfb\ud835\uddef\ud835\uddfc\ud835\uddfb\ud835\uddf3\ud835\uddee\ud835\uddfb\ud835\ude01\ud835\uddf6@\ud835\uddf4\ud835\uddfa\ud835\uddee\ud835\uddf6\ud835\uddf9.\ud835\uddf0\ud835\uddfc\ud835\uddfa per informarci della vostra presenza.<\/p>\n\n\n\n<p>La vincitrice, anche quest&#8217;anno, la conosciamo gi\u00e0. Si chiama Michela Iaccarino e l&#8217;anno scorso ha vinto il premio Enpa (Ente Nazionale Protezione Animali) con un bel reportage dalla Romania sulla caccia all&#8217;orso. Nel 2025 vince invece il premio Ivan Bonfanti con un servizio dal Kazakistan &#8211; pubblicato sul quotidiano Il Domani &#8211; dove viene raccontato il destino dei giovani russi scappati all&#8217;estero per non essere obbligati a uccidere i loro coetanei ucraini.<\/p>\n\n\n\n<p>\ud835\udde7\ud835\uddff\ud835\uddfc\ud835\ude03\ud835\uddee\ud835\ude01\ud835\uddf2 \ud835\uddf6\ud835\uddf9 \ud835\ude01\ud835\uddf2\ud835\ude00\ud835\ude01\ud835\uddfc \ud835\uddf1\ud835\uddf2\ud835\uddf9 \ud835\uddff\ud835\uddf2\ud835\uddfd\ud835\uddfc\ud835\uddff\ud835\ude01\ud835\uddee\ud835\uddf4\ud835\uddf2 \ud835\uddfe\ud835\ude02\ud835\uddf6 \ud835\ude00\ud835\uddfc\ud835\ude01\ud835\ude01\ud835\uddfc:<\/p>\n\n\n\n<p>MICHELA IACCARINO<br>Lungo strada Gogol ad Almaty, nei dintorni della catena di negozi di dischi Meloman, in uno dei bar pi\u00f9 hipster della citt\u00e0, Igor sorseggia il terzo caff\u00e8 della giornata. Quando la guerra contro l&#8217;Ucraina \u00e8 cominciata ed \u00e8 scappato dalla sua citt\u00e0, Mosca, pensava che il suo \u201cpassaggio kazako\u201d sarebbe durato solo qualche mese. Oggi il compositore \u2013 il cognome, per ragioni di sicurezza, non vuole che venga diffuso- si accorge che ha trascorso qui, tra le vetrate colorate e i tavoli di legno laccati del locale, la maggior parte delle sue giornate degli ultimi due anni. Il trentenne raggiunge il ritrovo degli artisti locali ogni mattina per scambiare chiacchiere tristi con altri russi che, come lui, hanno abbandonato la Federazione per paura di essere arrestati o essere arruolati e spediti al fronte.<br>\u201cDa quando \u00e8 scoppiata la guerra, viviamo in un limbo\u201d dice. Alle spalle ha una separazione e una lista di tutti i pavimenti e divani su cui ha dormito da quando ha bussato alle porte dei conoscenti che gli rimanevano ad Almaty, dove da bambino veniva in vacanza. La notte in cui ha scelto di dire addio a Mosca \u00e8 stata quella della sua personale deflagrazione: \u201cil gruppo in cui suonavo si \u00e8 sciolto per ragioni politiche. Il batterista anti-putiniano \u00e8 fuggito in Europa e ha smesso di parlare con tutti quelli che rimanevano in Russia, giudicandoli complici del governo\u201d. Intorno al tavolo del bar porta via le tazze una cameriera dalla chioma bruna e gli occhi a mandorla: in questa che era la vecchia Capitale del pi\u00f9 grande degli ex &#8216;Stan sovietici, i giovani kazaki come lei, a differenza delle generazioni precedenti, \u201cstanno riscoprendo la loro identit\u00e0 e, soprattutto, da quando la guerra contro l&#8217;Ucraina \u00e8 cominciata, non amano esprimersi in russo, anche se rimane una delle lingue ufficiali del Paese. Ad Almaty volevamo ricominciare da zero, ma non ci siamo mai allontanati dal punto di partenza: siamo fuori luogo, geograficamente, spiritualmente, anche economicamente:\u201d. Igor ha provato prima a stabilirsi in Georgia, a Tblisi, come hanno tentato di fare in migliaia dei suoi coetanei, \u201cma io una mattina mi sono stancato di leggere &#8216;fuck russians&#8217; sui muri e me ne sono andato. Sono stanco dell&#8217;odio\u201d. Tutti i risparmi che aveva li ha spesi in psicoterapia: \u201cero sempre spaesato e depresso per la rabbia che si \u00e8 impossessata di tutti. Sono russo, ma non posso scontare una colpa collettiva per crimini commessi da altri. Noi auto-esiliati siamo vittime minori: le nostre case non sono state bombardate, non siamo morti, ma dal 2022 nemmeno noi abbiamo pi\u00f9 vissuto\u201d.<br>Il giovane non ha pi\u00f9 la stessa faccia che appare sullo schermo del suo cellulare: una fotografia di quando sorrideva in una delle strade della Capitale russa. Lo sguardo indifeso che ora posa su tutto ci\u00f2 che lo circonda, l&#8217;inquietudine che lo corrode, lo fanno apparire pi\u00f9 giovane di allora. Questa \u00e8 la sua ultima notte ad Almaty ed \u00e8 felice: \u201cho deciso di tornare a Mosca. Non mi sembra di tornare a casa, ma in una terra straniera\u201d. Non tutti comprendono la sua scelta, non i suoi genitori, che da tempo abitano in Germania e partecipano a tutte le manifestazioni in cui si sventola la bandiera gialloblu in solidariet\u00e0 di Kiev.\u201cNon importa\u201d conclude il ragazzo: \u201ctornare indietro \u00e8 difficile, ma andare avanti in questo modo \u00e8 impossibile. Sono in un tupik, in un vicolo cieco, da troppo tempo. Non la sto dando vinta a Putin, ma alla stanchezza\u201d.<br>Nel 2022 la Federazione russa ha perso, secondo i calcoli di uno dei principali istituti finanziari russi, l&#8217;Alfa Bank, almeno l&#8217;1,5% della sua forza lavoro (pi\u00f9 di un milione di individui sono fuggiti all&#8217;estero). Decine di migliaia di giovani come il musicista sono arrivati ad Almaty in due ondate. La prima risale alla fine di febbraio 2022, quando i carri armati russi hanno varcato il confine ucraino; la seconda \u00e8 stata registrata nel settembre dello stesso anno, quando \u00e8 stata dichiarata dal Cremlino quella mobilitazione parziale che hanno cercato di evitare tutti gli uomini in et\u00e0 di leva. Mai cos\u00ec tanti russi erano scappati oltre frontiera dagli anni &#8217;90, quelli in cui \u00e8 collassato il gigante comunista. Ora, per\u00f2, l&#8217;esodo sta scorrendo al contrario: \u00e8 iniziata la migrazione inversa di chi torna in patria. Non tutti decidono di rientrare per le difficolt\u00e0 del rinnovo dei documenti, permessi di soggiorno e visti: molti sono attratti anche dall&#8217;impennata dei compensi dettati da una grave carenza di personale generata dall&#8217;impiego di specialisti al fronte. \u201cI miei amici che non sono andati via hanno visto raddoppiare i loro salari e, intorno, non avevano pi\u00f9 competizione\u201d racconta Aleksey, ingegnere. Tra qualche settimana torna in Siberia anche perch\u00e9 ad Almaty \u201cnessuno vuole ascoltare le storie dei profughi russi, nemmeno i russi che vivono in Kazakistan da sempre\u201d. Secondo gli economisti dell&#8217;agenzia Bloomberg questa migrazione inversa ha gi\u00e0 contribuito di un terzo all&#8217;aumento del 3.6% del Pil russo dell&#8217;ultimo anno.<br>In uno dei grattacieli della citt\u00e0 che si staglia nel grigio dei casermoni d&#8217;epoca sovietica, porte e portoni si aprono inserendo un codice alfanumerico sui citofoni, proprio come in Russia. Anton ha preso in affitto questa stanza per poche settimane: dal 2022 vive tra il Kazakistan e la Turchia. L&#8217;unica vera casa che gli rimane \u00e8 una valigia nera, ormai logora. \u201cCi sono almeno dieci capi d&#8217;accusa per le nuove leggi liberticide varate dalla Duma per cui possono arrestarmi se rimetto piede in Russia. Lo sapeva anche la mia ex fidanzata, che comunque non ha resistito a vivere cos\u00ec ed \u00e8 tornata a casa\u201d racconta. Nella stessa notte in cui Putin ha dichiarato l&#8217;invasione, prevedendo nuove retate ed arresti, il ragazzo che faceva parte del gruppo Navalny ha cominciato la sua traversata per lasciare il Paese. \u201cIn Russia ho scelto di non tornare mai pi\u00f9. \u00c8 una gabbia, la pi\u00f9 estesa del mondo. Ma avere una patria mi mancher\u00e0 per sempre\u201d. Mentre parla continua a litigare in chat con un parente che lavora nella tv ammiraglia della propaganda del Cremlino: altri suoi familiari rimangono in prigione per aver partecipato alle proteste contro la guerra. \u00c8 questa la vita quotidiana della nuova diaspora russa, una matrioska di anime scomposte, senza nemmeno pi\u00f9 un destino comune: \u201cmolti intellettuali russi non sono riusciti a trovare &#8216;il loro posto&#8217; altrove, al contrario dei russi comuni, che sono fuggiti senza altra ambizione se non quella di evitare l&#8217;arruolamento\u201d.<br>In una delle localit\u00e0 sciistiche nella periferia di Almaty Petr solleva le valigie dei turisti che arrivano dalla Cina alla Germania per esplorare le foreste qui intorno. \u201cIn Russia ora corrono tempi bui\u201d dice il pietroburghese che non ha nemmeno 20 anni. Ha raggiunto il Kazakistan con tutta la sua famiglia: anche suo padre, come lui, rischiava di finire a combattere in Donbas. Sa che molti dei suoi coetanei sono diventati \u201ccarne in scatola\u201d sulle barricate e nemmeno i loro corpi torneranno a casa. La pace ora dice di averla trovata qui, tra le seggiovie verso i picchi dei monti Transili Alatau: \u201cVedi, anche qui ci sono le betulle, come in Russia\u201d.<\/p>\n\n\n\n<p>\u2014\u2014\u2014\u2014\u2014\u2014\u2014-<\/p>\n\n\n\n<p>\ud835\uddd6\ud835\uddfc\ud835\uddfb \ud835\uddf9&#8217;\ud835\uddfc\ud835\uddf0\ud835\uddf0\ud835\uddee\ud835\ude00\ud835\uddf6\ud835\uddfc\ud835\uddfb\ud835\uddf2 \ud835\ude03\ud835\uddf6 \ud835\uddff\ud835\uddf6\ud835\uddf0\ud835\uddfc\ud835\uddff\ud835\uddf1\ud835\uddf6\ud835\uddee\ud835\uddfa\ud835\uddfc \ud835\uddf0\ud835\uddf5\ud835\uddf2 \u00e8 \ud835\ude00\ud835\uddf2\ud835\uddfa\ud835\uddfd\ud835\uddff\ud835\uddf2 \ud835\uddfd\ud835\uddfc\ud835\ude00\ud835\ude00\ud835\uddf6\ud835\uddef\ud835\uddf6\ud835\uddf9\ud835\uddf2 (\ud835\uddf2 \ud835\uddef\ud835\uddf2\ud835\uddfb \ud835\uddee\ud835\uddf0\ud835\uddf0\ud835\uddf2\ud835\ude01\ud835\ude01\ud835\uddfc) \ud835\uddf3\ud835\uddee\ud835\uddff\ud835\uddf2 \ud835\ude02\ud835\uddfb\ud835\uddee \ud835\uddf1\ud835\uddfc\ud835\uddfb\ud835\uddee\ud835\ude07\ud835\uddf6\ud835\uddfc\ud835\uddfb\ud835\uddf2 \ud835\uddee\ud835\uddf9\ud835\uddf9&#8217;\ud835\uddd4\ud835\ude00\ud835\ude00\ud835\uddfc\ud835\uddf0\ud835\uddf6\ud835\uddee\ud835\ude07\ud835\uddf6\ud835\uddfc\ud835\uddfb\ud835\uddf2 \ud835\udddc\ud835\ude03\ud835\uddee\ud835\uddfb \ud835\uddd5\ud835\uddfc\ud835\uddfb\ud835\uddf3\ud835\uddee\ud835\uddfb\ud835\ude01\ud835\uddf6, \ud835\uddf6\ud835\uddfb \ud835\uddfa\ud835\uddfc\ud835\uddf1\ud835\uddfc \ud835\uddf1\ud835\uddee \ud835\ude00\ud835\ude02\ud835\uddfd\ud835\uddfd\ud835\uddfc\ud835\uddff\ud835\ude01\ud835\uddee\ud835\uddff\ud835\uddf2 \ud835\uddf6 \ud835\uddfd\ud835\uddff\ud835\uddfc\ud835\uddf4\ud835\uddf2\ud835\ude01\ud835\ude01\ud835\uddf6 \ud835\uddf0\ud835\uddf5\ud835\uddf2 \ud835\uddfd\ud835\uddfc\ud835\uddff\ud835\ude01\ud835\uddf6\ud835\uddee\ud835\uddfa\ud835\uddfc \ud835\uddee\ud835\ude03\ud835\uddee\ud835\uddfb\ud835\ude01\ud835\uddf6 \ud835\uddfc\ud835\uddff\ud835\uddfa\ud835\uddee\ud835\uddf6 \ud835\uddf1\ud835\uddee\ud835\uddf9 \ud835\udfee\ud835\udfec\ud835\udfec\ud835\udff5. \ud835\udde1\ud835\uddfc\ud835\uddfb \ud835\ude00\ud835\uddfc\ud835\uddf9\ud835\uddfc \ud835\uddf6\ud835\uddf9 \ud835\uddfd\ud835\uddff\ud835\uddf2\ud835\uddfa\ud835\uddf6\ud835\uddfc \ud835\uddf4\ud835\uddf6\ud835\uddfc\ud835\uddff\ud835\uddfb\ud835\uddee\ud835\uddf9\ud835\uddf6\ud835\ude00\ud835\ude01\ud835\uddf6\ud835\uddf0\ud835\uddfc, \ud835\uddfa\ud835\uddee \ud835\uddee\ud835\uddfb\ud835\uddf0\ud835\uddf5\ud835\uddf2 \ud835\uddf9&#8217;\ud835\uddee\ud835\uddf6\ud835\ude02\ud835\ude01\ud835\uddfc \ud835\uddee\ud835\uddf9\ud835\uddf9\ud835\uddee \ud835\uddfd\ud835\uddfc\ud835\uddfd\ud835\uddfc\ud835\uddf9\ud835\uddee\ud835\ude07\ud835\uddf6\ud835\uddfc\ud835\uddfb\ud835\uddf2 \ud835\uddf1\ud835\uddf6 \ud835\uddda\ud835\uddee\ud835\ude07\ud835\uddee (\ud835\uddfe\ud835\ude02\ud835\uddf2\ud835\ude00\ud835\ude01&#8217;\ud835\uddee\ud835\uddfb\ud835\uddfb\ud835\uddfc \ud835\uddee\ud835\uddef\ud835\uddef\ud835\uddf6\ud835\uddee\ud835\uddfa\ud835\uddfc \ud835\ude03\ud835\uddf2\ud835\uddff\ud835\ude00\ud835\uddee\ud835\ude01\ud835\uddfc \ud835\ude02\ud835\uddfb \ud835\uddf0\ud835\uddfc\ud835\uddfb\ud835\ude01\ud835\uddff\ud835\uddf6\ud835\uddef\ud835\ude02\ud835\ude01\ud835\uddfc \ud835\uddfd\ud835\uddf2\ud835\uddff \ud835\uddf6\ud835\uddf9 \ud835\ude00\ud835\uddfc\ud835\ude00\ud835\ude01\ud835\uddf2\ud835\uddf4\ud835\uddfb\ud835\uddfc \ud835\uddee\ud835\uddf6 \ud835\uddf4\ud835\uddf6\ud835\uddfc\ud835\uddff\ud835\uddfb\ud835\uddee\ud835\uddf9\ud835\uddf6\ud835\ude00\ud835\ude01\ud835\uddf6 \ud835\uddf1\ud835\uddf2\ud835\uddf9\ud835\uddf9\ud835\uddee \ud835\udde6\ud835\ude01\ud835\uddff\ud835\uddf6\ud835\ude00\ud835\uddf0\ud835\uddf6\ud835\uddee) \ud835\uddf2 \ud835\uddee\ud835\uddf6 \ud835\uddff\ud835\uddee\ud835\uddf4\ud835\uddee\ud835\ude07\ud835\ude07\ud835\uddf6 \ud835\uddf1\ud835\uddf6 \ud835\udde1\ud835\uddee\ud835\uddf6\ud835\uddff\ud835\uddfc\ud835\uddef\ud835\uddf6 \ud835\uddf0\ud835\uddf5\ud835\uddf2 \ud835\uddee \ud835\ude00\ud835\uddf0\ud835\ude02\ud835\uddfc\ud835\uddf9\ud835\uddee \ud835\uddf6\ud835\uddfa\ud835\uddfd\ud835\uddee\ud835\uddff\ud835\uddee\ud835\uddfb\ud835\uddfc \ud835\uddee \ud835\uddf0\ud835\uddfc\ud835\uddf9\ud835\ude01\ud835\uddf6\ud835\ude03\ud835\uddee\ud835\uddff\ud835\uddf2 \ud835\uddf9&#8217;\ud835\uddfc\ud835\uddff\ud835\ude01\ud835\uddfc.<\/p>\n\n\n\n<p>\ud835\udddc\ud835\udde7\ud835\udff1\ud835\udff0\ud835\uddd5\ud835\udfec\ud835\udff1\ud835\udfec \ud835\udfed\ud835\udff4\ud835\udfec\ud835\udfef \ud835\udfee\ud835\udfec\ud835\udfec\ud835\udfec \ud835\udfec\ud835\udfec\ud835\udfec\ud835\udfee \ud835\udfec\ud835\udfec\ud835\udfec\ud835\udfec\ud835\udff0\ud835\udfed\ud835\udfef (\ud835\uddd5\ud835\uddee\ud835\uddfb\ud835\uddf0\ud835\uddee \ud835\uddd8\ud835\ude01\ud835\uddf6\ud835\uddf0\ud835\uddee)<\/p>\n\n\n\n<p>Grazie!!<\/p>\n\n\n\n<figure class=\"wp-block-image size-large\"><img fetchpriority=\"high\" decoding=\"async\" width=\"762\" height=\"1024\" src=\"https:\/\/associazioneivanbonfanti.org\/wp-content\/uploads\/2025\/09\/Michela-Iaccarino-1-copia_page-0001-762x1024.jpg\" alt=\"\" class=\"wp-image-1688\" srcset=\"https:\/\/associazioneivanbonfanti.org\/wp-content\/uploads\/2025\/09\/Michela-Iaccarino-1-copia_page-0001-762x1024.jpg 762w, https:\/\/associazioneivanbonfanti.org\/wp-content\/uploads\/2025\/09\/Michela-Iaccarino-1-copia_page-0001-223x300.jpg 223w, https:\/\/associazioneivanbonfanti.org\/wp-content\/uploads\/2025\/09\/Michela-Iaccarino-1-copia_page-0001-768x1032.jpg 768w, https:\/\/associazioneivanbonfanti.org\/wp-content\/uploads\/2025\/09\/Michela-Iaccarino-1-copia_page-0001-1143x1536.jpg 1143w, https:\/\/associazioneivanbonfanti.org\/wp-content\/uploads\/2025\/09\/Michela-Iaccarino-1-copia_page-0001-1524x2048.jpg 1524w, https:\/\/associazioneivanbonfanti.org\/wp-content\/uploads\/2025\/09\/Michela-Iaccarino-1-copia_page-0001-600x807.jpg 600w, https:\/\/associazioneivanbonfanti.org\/wp-content\/uploads\/2025\/09\/Michela-Iaccarino-1-copia_page-0001-1x1.jpg 1w, https:\/\/associazioneivanbonfanti.org\/wp-content\/uploads\/2025\/09\/Michela-Iaccarino-1-copia_page-0001-7x10.jpg 7w, https:\/\/associazioneivanbonfanti.org\/wp-content\/uploads\/2025\/09\/Michela-Iaccarino-1-copia_page-0001-scaled.jpg 1904w\" sizes=\"(max-width: 762px) 100vw, 762px\" \/><\/figure>\n","protected":false},"excerpt":{"rendered":"<p>Carissimi amici e soci,\ud835\uddf1\ud835\uddfc\ud835\uddfa\ud835\uddf2\ud835\uddfb\ud835\uddf6\ud835\uddf0\ud835\uddee \ud835\udff1 \ud835\uddfc\ud835\ude01\ud835\ude01\ud835\uddfc\ud835\uddef\ud835\uddff\ud835\uddf2 \ud835\uddee\ud835\uddf9\ud835\uddf9\ud835\uddf2 \ud835\uddfc\ud835\uddff\ud835\uddf2 \ud835\udfed\ud835\udfed.\ud835\udfec\ud835\udfec ci daremo appuntamento per la premiazione della vincitricedel concorso giornalistico dedicato a Ivan. \ud835\udddc\ud835\uddf9 \ud835\uddf9\ud835\ude02\ud835\uddfc\ud835\uddf4\ud835\uddfc \u00e8 \ud835\uddf9\ud835\uddee \ud835\ude00\ud835\uddf2\ud835\uddf1\ud835\uddf2 \ud835\uddf1\ud835\uddf6 \ud835\udde6\ud835\ude01\ud835\uddee\ud835\uddfa\ud835\uddfd\ud835\uddee \ud835\udde5\ud835\uddfc\ud835\uddfa\ud835\uddee\ud835\uddfb\ud835\uddee \ud835\uddf1\ud835\uddf6 \ud835\ude03\ud835\uddf6\ud835\uddee \ud835\uddf1\ud835\uddf2\ud835\uddf9\ud835\uddf9\ud835\uddee \ud835\udde7\ud835\uddfc\ud835\uddff\ud835\uddff\ud835\uddf2\ud835\ude01\ud835\ude01\ud835\uddee (\ud835\uddf1\ud835\uddf6\ud835\uddf2\ud835\ude01\ud835\uddff\ud835\uddfc \ud835\udde0\ud835\uddfc\ud835\uddfb\ud835\ude01\ud835\uddf2\ud835\uddf0\ud835\uddf6\ud835\ude01\ud835\uddfc\ud835\uddff\ud835\uddf6\ud835\uddfc). La viuzza \u00e8 cos\u00ec piccola che non potete&#8230;<\/p>\n","protected":false},"author":6,"featured_media":0,"comment_status":"open","ping_status":"open","sticky":false,"template":"","format":"standard","meta":{"_mi_skip_tracking":false,"footnotes":""},"categories":[3,10],"tags":[],"class_list":["post-1687","post","type-post","status-publish","format-standard","hentry","category-associazione-ivan-bonfanti","category-premio-giornalistico"],"_links":{"self":[{"href":"https:\/\/associazioneivanbonfanti.org\/index.php\/wp-json\/wp\/v2\/posts\/1687","targetHints":{"allow":["GET"]}}],"collection":[{"href":"https:\/\/associazioneivanbonfanti.org\/index.php\/wp-json\/wp\/v2\/posts"}],"about":[{"href":"https:\/\/associazioneivanbonfanti.org\/index.php\/wp-json\/wp\/v2\/types\/post"}],"author":[{"embeddable":true,"href":"https:\/\/associazioneivanbonfanti.org\/index.php\/wp-json\/wp\/v2\/users\/6"}],"replies":[{"embeddable":true,"href":"https:\/\/associazioneivanbonfanti.org\/index.php\/wp-json\/wp\/v2\/comments?post=1687"}],"version-history":[{"count":1,"href":"https:\/\/associazioneivanbonfanti.org\/index.php\/wp-json\/wp\/v2\/posts\/1687\/revisions"}],"predecessor-version":[{"id":1689,"href":"https:\/\/associazioneivanbonfanti.org\/index.php\/wp-json\/wp\/v2\/posts\/1687\/revisions\/1689"}],"wp:attachment":[{"href":"https:\/\/associazioneivanbonfanti.org\/index.php\/wp-json\/wp\/v2\/media?parent=1687"}],"wp:term":[{"taxonomy":"category","embeddable":true,"href":"https:\/\/associazioneivanbonfanti.org\/index.php\/wp-json\/wp\/v2\/categories?post=1687"},{"taxonomy":"post_tag","embeddable":true,"href":"https:\/\/associazioneivanbonfanti.org\/index.php\/wp-json\/wp\/v2\/tags?post=1687"}],"curies":[{"name":"wp","href":"https:\/\/api.w.org\/{rel}","templated":true}]}}