{"id":979,"date":"2022-11-13T16:41:50","date_gmt":"2022-11-13T16:41:50","guid":{"rendered":"https:\/\/happy-shockley.151-80-157-43.plesk.page\/?p=979"},"modified":"2023-11-28T20:38:05","modified_gmt":"2023-11-28T20:38:05","slug":"i-vincitori-del-premio-giornalistico-ivan-bonfanti-2022","status":"publish","type":"post","link":"https:\/\/associazioneivanbonfanti.org\/index.php\/2022\/11\/13\/i-vincitori-del-premio-giornalistico-ivan-bonfanti-2022\/","title":{"rendered":"I vincitori del Premio Giornalistico Ivan Bonfanti 2022"},"content":{"rendered":"\n<div class=\"wp-block-group alignwide\"><div class=\"wp-block-group__inner-container is-layout-constrained wp-block-group-is-layout-constrained\">\n<div class=\"wp-block-media-text alignfull is-stacked-on-mobile is-vertically-aligned-top\" style=\"grid-template-columns:33% auto\"><figure class=\"wp-block-media-text__media\"><img fetchpriority=\"high\" decoding=\"async\" width=\"400\" height=\"400\" src=\"https:\/\/associazioneivanbonfanti.org\/wp-content\/uploads\/2022\/09\/gZsXBCBn_400x400.jpg\" alt=\"\" class=\"wp-image-981 size-full\" srcset=\"https:\/\/associazioneivanbonfanti.org\/wp-content\/uploads\/2022\/09\/gZsXBCBn_400x400.jpg 400w, https:\/\/associazioneivanbonfanti.org\/wp-content\/uploads\/2022\/09\/gZsXBCBn_400x400-300x300.jpg 300w, https:\/\/associazioneivanbonfanti.org\/wp-content\/uploads\/2022\/09\/gZsXBCBn_400x400-100x100.jpg 100w, https:\/\/associazioneivanbonfanti.org\/wp-content\/uploads\/2022\/09\/gZsXBCBn_400x400-150x150.jpg 150w, https:\/\/associazioneivanbonfanti.org\/wp-content\/uploads\/2022\/09\/gZsXBCBn_400x400-80x80.jpg 80w\" sizes=\"(max-width: 400px) 100vw, 400px\" \/><\/figure><div class=\"wp-block-media-text__content\">\n<p class=\"has-black-color has-text-color\">E&#8217; la giornalista e scrittrice <a href=\"https:\/\/twitter.com\/MartaDafne?ref_src=twsrc%5Egoogle%7Ctwcamp%5Eserp%7Ctwgr%5Eauthor\" target=\"_blank\" rel=\"noreferrer noopener\"><strong>Marta Bellingreri<\/strong><\/a> a vincere la <strong>XIIIa edizione del Premio Giornalistico &#8216;Ivan Bonfanti&#8217;<\/strong> con un reportage sulla Siria pubblicato dal settimanale l&#8217;Espresso, nel quale viene narrata a dieci anni dallo scoppio della guerra la crisi umanitaria che colpisce specialmente i bambini, costretti a mangiare e dormire nelle aule scolastiche senza ricevere una istruzione.<br><br> <a href=\"https:\/\/stamparomana.voxmail.it\/rsp\/pv8i9n\/content\/elaborato_marta_bellingreri-compressed.pdf?_d=77T&amp;_c=354d3f06\" target=\"_blank\" rel=\"noreferrer noopener\">Qui l&#8217;articolo<\/a><\/p>\n<\/div><\/div>\n<\/div><\/div>\n\n\n\n<div class=\"wp-block-media-text alignwide has-media-on-the-right is-stacked-on-mobile is-vertically-aligned-top\" style=\"grid-template-columns:auto 33%\"><div class=\"wp-block-media-text__content\">\n<p class=\"has-black-color has-text-color\">Il Premio Giornalistico Ivan Bonfanti nella categoria <strong>&#8220;Allievi delle scuole<\/strong> <strong>di giornalismo<\/strong>&#8221; va invece a <a href=\"https:\/\/mobile.twitter.com\/gabriele_crispo\" target=\"_blank\" rel=\"noreferrer noopener\">Gabriele Crispo<\/a><strong> <\/strong>della <a href=\"https:\/\/www.lumsa.it\/en\/about_university\" target=\"_blank\" rel=\"noreferrer noopener\">Lumsa<\/a>, per il suo articolo su l&#8217;esercito comune dell&#8217;Unione Europea.<\/p>\n\n\n\n<p class=\"has-black-color has-text-color\"> Il pezzo di Crispo <a href=\"https:\/\/www.lumsanews.it\/ue-un-esercito-comune-per-garantire-la-pace\/\" target=\"_blank\" rel=\"noreferrer noopener\">lo trovate qui<\/a>.<\/p>\n<\/div><figure class=\"wp-block-media-text__media\"><img decoding=\"async\" width=\"1024\" height=\"819\" src=\"https:\/\/associazioneivanbonfanti.org\/wp-content\/uploads\/2022\/09\/FbgCrqBWIAEjcUs-1024x819.jpeg\" alt=\"\" class=\"wp-image-982 size-full\" srcset=\"https:\/\/associazioneivanbonfanti.org\/wp-content\/uploads\/2022\/09\/FbgCrqBWIAEjcUs-1024x819.jpeg 1024w, https:\/\/associazioneivanbonfanti.org\/wp-content\/uploads\/2022\/09\/FbgCrqBWIAEjcUs-600x480.jpeg 600w, https:\/\/associazioneivanbonfanti.org\/wp-content\/uploads\/2022\/09\/FbgCrqBWIAEjcUs-300x240.jpeg 300w, https:\/\/associazioneivanbonfanti.org\/wp-content\/uploads\/2022\/09\/FbgCrqBWIAEjcUs-768x614.jpeg 768w, https:\/\/associazioneivanbonfanti.org\/wp-content\/uploads\/2022\/09\/FbgCrqBWIAEjcUs-1536x1229.jpeg 1536w, https:\/\/associazioneivanbonfanti.org\/wp-content\/uploads\/2022\/09\/FbgCrqBWIAEjcUs-80x64.jpeg 80w, https:\/\/associazioneivanbonfanti.org\/wp-content\/uploads\/2022\/09\/FbgCrqBWIAEjcUs-500x400.jpeg 500w, https:\/\/associazioneivanbonfanti.org\/wp-content\/uploads\/2022\/09\/FbgCrqBWIAEjcUs-800x640.jpeg 800w, https:\/\/associazioneivanbonfanti.org\/wp-content\/uploads\/2022\/09\/FbgCrqBWIAEjcUs.jpeg 2048w\" sizes=\"(max-width: 1024px) 100vw, 1024px\" \/><\/figure><\/div>\n\n\n\n<p class=\"has-black-color has-text-color\"><br><\/p>\n\n\n\n<div class=\"wp-block-media-text alignwide is-stacked-on-mobile is-vertically-aligned-top\" style=\"grid-template-columns:33% auto\"><figure class=\"wp-block-media-text__media\"><img decoding=\"async\" width=\"346\" height=\"346\" src=\"https:\/\/associazioneivanbonfanti.org\/wp-content\/uploads\/2022\/09\/1516439349528.jpeg\" alt=\"\" class=\"wp-image-983 size-full\" srcset=\"https:\/\/associazioneivanbonfanti.org\/wp-content\/uploads\/2022\/09\/1516439349528.jpeg 346w, https:\/\/associazioneivanbonfanti.org\/wp-content\/uploads\/2022\/09\/1516439349528-300x300.jpeg 300w, https:\/\/associazioneivanbonfanti.org\/wp-content\/uploads\/2022\/09\/1516439349528-100x100.jpeg 100w, https:\/\/associazioneivanbonfanti.org\/wp-content\/uploads\/2022\/09\/1516439349528-150x150.jpeg 150w, https:\/\/associazioneivanbonfanti.org\/wp-content\/uploads\/2022\/09\/1516439349528-80x80.jpeg 80w\" sizes=\"(max-width: 346px) 100vw, 346px\" \/><\/figure><div class=\"wp-block-media-text__content\">\n<p class=\"has-black-color has-text-color\"><a href=\"https:\/\/twitter.com\/robertaragni\" target=\"_blank\" rel=\"noreferrer noopener\"><strong>Roberta Ragni<\/strong> <\/a>si aggiudica il premio messo a disposizione dall&#8217;<strong>Ente nazionale protezione animali (Enpa) <\/strong>con un pezzo pubblicato dal periodico La Nuova Ecologia dove viene approfondita la messa la bando della pelliccia dei visoni. <\/p>\n\n\n\n<p class=\"has-black-color has-text-color\"><a href=\"https:\/\/stamparomana.voxmail.it\/rsp\/pv8i9n\/content\/elaborato_roberta_ragni.pdf?_d=77T&amp;_c=da9e8aab\" target=\"_blank\" rel=\"noreferrer noopener\">Qui l&#8217;articolo.<\/a><\/p>\n<\/div><\/div>\n\n\n\n<p class=\"has-black-color has-text-color has-medium-font-size\"><br>Nella giuria:&nbsp;<\/p>\n\n\n\n<ul class=\"has-black-color has-text-color has-medium-font-size wp-block-list\">\n<li><em>Loredana Colace<\/em>&nbsp;e&nbsp;<em>Lazzaro Pappagallo<\/em>&nbsp;\u2014 Associazione Stampa Romana<\/li>\n\n\n\n<li><em>Ugo Tramballi<\/em> \u2014 inviato de Il Sole 24ore<\/li>\n\n\n\n<li>&nbsp;<em>Antonio Talia<\/em>&nbsp;\u2014 Radio24,<\/li>\n\n\n\n<li><em>Alessandro Mantovani<\/em>&nbsp;\u2014 Il Fatto Quotidiano<\/li>\n\n\n\n<li><em>Andrea Fabozzi<\/em>&nbsp;\u2014 Il Manifesto<\/li>\n\n\n\n<li><em>Giulia Belardelli<\/em> \u2014 Huffington Post<\/li>\n\n\n\n<li><em>Asher Salah<\/em>&nbsp;\u2014 docente all\u2019Universit\u00e0 Bezalel e alla Hebrew University di Gerusalemme<\/li>\n\n\n\n<li><em>Andrea Milluzzi<\/em>&nbsp;\u2014 La 7<\/li>\n\n\n\n<li><em>Luigi Sandri<\/em>&nbsp;\u2014 ex-direttore Confronti<\/li>\n\n\n\n<li><em>&nbsp;Stefano Bocconetti<\/em>&nbsp;\u2014 giornalista<\/li>\n\n\n\n<li><em>Martino Mazzonis<\/em>&nbsp;\u2014 giornalista<\/li>\n\n\n\n<li>&nbsp;<em>Michele Gualano<\/em>&nbsp;\u2014 Enpa<\/li>\n<\/ul>\n\n\n\n<blockquote class=\"wp-block-quote has-black-color has-text-color is-layout-flow wp-block-quote-is-layout-flow\">\n<p>La premiazione avr\u00e0 luogo <strong>sabato 22 ottobre 2022 alle ore 11:00<\/strong> <a href=\"https:\/\/libreriaeli.it\/contatti\/\" target=\"_blank\" rel=\"noreferrer noopener\">presso la libreria ELI di viale Somalia, a Roma.<\/a><\/p>\n<\/blockquote>\n\n\n\n<p class=\"has-black-color has-text-color\">Poich\u00e9 i posti sono limitati e poich\u00e9 l&#8217;Associazione Ivan Bonfanti come ogni anno offrir\u00e0 un piccolo buffet al termine della cerimonia,&nbsp;abbiamo bisogno di sapere quante persone saranno presenti alla libreria.                     <\/p>\n\n\n\n<blockquote class=\"wp-block-quote has-black-color has-text-color is-layout-flow wp-block-quote-is-layout-flow\">\n<p>Per prenotazioni mandare un email con il nominativo o il numero delle persone che pensate vi accompagneranno alla seguente email : <strong><em><a href=\"mailto:associazioneivanbonfanti@gmail.com\" target=\"_blank\" rel=\"noreferrer noopener nofollow\">associazioneivanbonfanti@gmail.com<\/a><\/em><\/strong><\/p>\n<\/blockquote>\n","protected":false},"excerpt":{"rendered":"<p>E&#8217; la giornalista e scrittrice Marta Bellingreri a vincere la XIIIa edizione del Premio Giornalistico &#8216;Ivan Bonfanti&#8217; con un reportage sulla Siria pubblicato dal settimanale l&#8217;Espresso, nel quale viene narrata a dieci anni dallo scoppio della guerra la crisi umanitaria che colpisce specialmente i&#8230;<\/p>\n","protected":false},"author":6,"featured_media":1058,"comment_status":"open","ping_status":"open","sticky":false,"template":"","format":"standard","meta":{"_mi_skip_tracking":false,"footnotes":""},"categories":[10],"tags":[],"class_list":["post-979","post","type-post","status-publish","format-standard","has-post-thumbnail","hentry","category-premio-giornalistico"],"_links":{"self":[{"href":"https:\/\/associazioneivanbonfanti.org\/index.php\/wp-json\/wp\/v2\/posts\/979","targetHints":{"allow":["GET"]}}],"collection":[{"href":"https:\/\/associazioneivanbonfanti.org\/index.php\/wp-json\/wp\/v2\/posts"}],"about":[{"href":"https:\/\/associazioneivanbonfanti.org\/index.php\/wp-json\/wp\/v2\/types\/post"}],"author":[{"embeddable":true,"href":"https:\/\/associazioneivanbonfanti.org\/index.php\/wp-json\/wp\/v2\/users\/6"}],"replies":[{"embeddable":true,"href":"https:\/\/associazioneivanbonfanti.org\/index.php\/wp-json\/wp\/v2\/comments?post=979"}],"version-history":[{"count":16,"href":"https:\/\/associazioneivanbonfanti.org\/index.php\/wp-json\/wp\/v2\/posts\/979\/revisions"}],"predecessor-version":[{"id":1513,"href":"https:\/\/associazioneivanbonfanti.org\/index.php\/wp-json\/wp\/v2\/posts\/979\/revisions\/1513"}],"wp:featuredmedia":[{"embeddable":true,"href":"https:\/\/associazioneivanbonfanti.org\/index.php\/wp-json\/wp\/v2\/media\/1058"}],"wp:attachment":[{"href":"https:\/\/associazioneivanbonfanti.org\/index.php\/wp-json\/wp\/v2\/media?parent=979"}],"wp:term":[{"taxonomy":"category","embeddable":true,"href":"https:\/\/associazioneivanbonfanti.org\/index.php\/wp-json\/wp\/v2\/categories?post=979"},{"taxonomy":"post_tag","embeddable":true,"href":"https:\/\/associazioneivanbonfanti.org\/index.php\/wp-json\/wp\/v2\/tags?post=979"}],"curies":[{"name":"wp","href":"https:\/\/api.w.org\/{rel}","templated":true}]}}